{"id":1123,"date":"2022-01-25T16:18:00","date_gmt":"2022-01-25T20:18:00","guid":{"rendered":"https:\/\/cpaa.careercolleges.ca\/fr\/?p=1123"},"modified":"2022-10-26T16:23:00","modified_gmt":"2022-10-26T19:23:00","slug":"technical-update-for-2022-cpa-pep-examinations-and-the-cfes","status":"publish","type":"post","link":"https:\/\/cpaatlantic.ca\/fr\/blog\/technical-update-for-2022-cpa-pep-examinations-and-the-cfes\/","title":{"rendered":"Mise \u00e0 jour technique pour les examens du PFP des CPA et les EFC de 2022"},"content":{"rendered":"\n<p id=\"viewer-foo\">L\u2019\u00c9cole de Gestion CPA Atlantique souhaite vous fournir des pr\u00e9cisions sur les dates limites d\u2019inclusion des documents de r\u00e9f\u00e9rence et la mati\u00e8re sujette \u00e0 \u00e9valuation aux examens du PFP et aux EFC qui se tiendront en 2022. Il est \u00e0 noter que vous devez utiliser les documents de r\u00e9f\u00e9rence \u00e9lectroniques qui vous sont fournis.<\/p>\n\n\n\n<p id=\"viewer-5qrul\">Tel qu\u2019il est pr\u00e9cis\u00e9 dans les plans d\u2019examen des modules du PFP et des EFC, vous n\u2019\u00eates tenu de prendre en compte que les normes et la r\u00e9glementation qui sont en vigueur ou quasi adopt\u00e9es au 31 d\u00e9cembre de l\u2019ann\u00e9e pr\u00e9c\u00e9dant l\u2019examen. Ainsi, pour 2022, les versions suivantes des normes et des lois sont sujettes \u00e0 \u00e9valuation et ont \u00e9t\u00e9 incluses dans la collection Normes et recommandations de CPA Canada (r\u00e9f\u00e9rence d\u2019examen) :<\/p>\n\n\n\n<ul class=\"wp-block-list\"><li>les IFRS <strong><em>en vigueur<\/em><\/strong> au 1er janvier 2022 contenues dans le <em>ManueldeCPACanada\u2013Comptabilit\u00e9<\/em>;<\/li><li>toutes les autres normes contenues dans le <em>ManueldeCPACanada<\/em> \u2013 <em>Comptabilit\u00e9<\/em> (NCECF et NCOSBL) et les normes contenues dans le <em>ManueldeCPACanada\u2013Certification<\/em> dont la <em><strong>date d\u2019entr\u00e9e en vigueur<\/strong><\/em> est le 31 d\u00e9cembre 2021, qui font partie de la mise \u00e0 jour de d\u00e9cembre 2021 (ou d\u2019une mise \u00e0 jour ant\u00e9rieure) du <em>Manuel<\/em>;<\/li><li>la l\u00e9gislation fiscale <strong><em>quasi adopt\u00e9e<\/em><\/strong> (ce qui comprend, dans un contexte de gouvernement minoritaire, les projets de loi adopt\u00e9s en troisi\u00e8me lecture \u00e0 la Chambre des communes) au 31 d\u00e9cembre 2021.<\/li><\/ul>\n\n\n\n<p id=\"viewer-1j5ui\">Compte tenu de modifications r\u00e9cemment apport\u00e9es \u00e0 la <em>Grille<\/em><em>de<\/em><em>comp\u00e9tence,<\/em> la <em>Loi<\/em><em>sur<\/em><em>la<\/em><em>taxe<\/em><em>d\u2019accise<\/em> fera cette ann\u00e9e partie des documents de r\u00e9f\u00e9rence. Vous pourrez ainsi consulter ce texte faisant autorit\u00e9 pendant l\u2019examen. Vous pourrez aussi vous reporter au document de r\u00e9f\u00e9rence <em>Le<\/em><em>rapport<\/em><em>de<\/em><em>gestion<\/em><em>\u2013<\/em><em>Lignes<\/em><em>directrices<\/em><em>concernant<\/em><em>la<\/em><em>r\u00e9daction<\/em><em>et<\/em><em>les<\/em><em>informations<\/em><em>\u00e0<\/em><em>fournir,<\/em> nouvellement ajout\u00e9.<\/p>\n\n\n\n<p id=\"viewer-4d38a\">De plus, vous \u00eates tenu d\u2019\u00eatre au courant des modifications apport\u00e9es apr\u00e8s les dates limites indiqu\u00e9es pr\u00e9c\u00e9demment, ainsi que des modifications publi\u00e9es, mais non encore entr\u00e9es en vigueur. Le niveau de ma\u00eetrise attendu est le niveau C pour les modules communs, et le niveau B pour les modules optionnels en Certification et en Fiscalit\u00e9, conform\u00e9ment aux \u00e9nonc\u00e9s de comp\u00e9tences suivants :<\/p>\n\n\n\n<ul class=\"wp-block-list\"><li>1.1.4 Expliquer les incidences des tendances actuelles, des probl\u00e8mes nouveaux et des technologies \u00e9mergentes en mati\u00e8re d\u2019information financi\u00e8re (<em>la<\/em><em>comp\u00e9tence<\/em><em>1.1.4<\/em><em>englobe<\/em><em>les<\/em><em>IFRS<\/em><em>publi\u00e9es<\/em><em>mais<\/em><em>non<\/em><em>encore<\/em><em>entr\u00e9es<\/em><em>en<\/em><em>vigueur<\/em>)<\/li><li>4.2.2 Expliquer les incidences des tendances actuelles, des probl\u00e8mes nouveaux et des technologies \u00e9mergentes dans le domaine des normes et m\u00e9thodes de certification<\/li><li>6.1.3 Expliquer les incidences des tendances actuelles, des probl\u00e8mes nouveaux et des technologies \u00e9mergentes dans le domaine de la fiscalit\u00e9<\/li><\/ul>\n\n\n\n<p id=\"viewer-313rn\"><strong>Rappel<\/strong><strong>:<\/strong> Les documents de r\u00e9f\u00e9rence fournis avec les examens ne sont mis \u00e0 jour qu\u2019une fois par ann\u00e9e, mais vous pouvez toujours appliquer, \u00e0 l\u2019EFC et dans les \u00e9tudes de cas des examens du PFP, une norme plus \u00e0 jour que ce qui est exig\u00e9. Ce choix n\u2019est toutefois pas possible pour les questions objectives des examens du PFP, pour lesquelles la date d\u2019entr\u00e9e en vigueur utilis\u00e9e doit \u00eatre connue. Ainsi, pour les questions objectives, vous devez vous en tenir aux normes qui \u00e9taient en vigueur aux dates limites indiqu\u00e9es plus haut.<\/p>\n\n\n\n<p id=\"viewer-2t30j\"><strong>Informations suppl\u00e9mentaires concernant la COVID-19<\/strong><\/p>\n\n\n\n<p id=\"viewer-8p2st\">\u00c0 l\u2019EFC et aux examens de modules du PFP, on vous demande de r\u00e9diger votre r\u00e9ponse en tenant compte du sc\u00e9nario pr\u00e9sent\u00e9 dans l\u2019\u00e9tude de cas, et de faire abstraction des incidences possibles de la pand\u00e9mie de COVID-19.<\/p>\n\n\n\n<p id=\"viewer-6ug5k\"><strong>PR\u00c9CISIONS CONCERNANT LES MODIFICATIONS APPORT\u00c9ES AUX NORMES D\u2019INFORMATION FINANCI\u00c8RE ET DE CERTIFICATION<\/strong><\/p>\n\n\n\n<p id=\"viewer-bal5e\"><strong><u>IFRS<\/u><\/strong><strong>:<\/strong> IFRS 16<em>Contrats<\/em><em>de<\/em><em>location<\/em>a \u00e9t\u00e9 modifi\u00e9e de fa\u00e7on \u00e0 continuer de dispenser au-del\u00e0 du 30 juin 2021 les preneurs d\u2019avoir \u00e0 appr\u00e9cier si certains all\u00e9gements de loyer li\u00e9s \u00e0 la COVID-19 constituent ou non des modifications de contrat de location et \u00e0 leur permettre de les comptabiliser comme si ce n\u2019\u00e9tait pas le cas. Vous n\u2019avez pas \u00e0 tenir compte des dispositions modifi\u00e9es, puisqu\u2019elles se rapportent \u00e0 la COVID-19.<\/p>\n\n\n\n<p id=\"viewer-fgogo\"><strong><u>NCECF<\/u><\/strong><strong><u> <\/u><\/strong><strong><u>et<\/u><\/strong><strong><u> <\/u><\/strong><strong><u>NCOSBL<\/u><\/strong><strong>:<\/strong> Le chapitre 3065, \u00ab Contrats de location \u00bb, a \u00e9t\u00e9 modifi\u00e9 en d\u00e9cembre 2021 pour prolonger la dispense facultative offerte aux preneurs comme aux bailleurs relativement \u00e0 la comptabilisation des modifications de contrat de location li\u00e9es \u00e0 la COVID-19. Vous n\u2019avez pas \u00e0 tenir compte des dispositions modifi\u00e9es, puisqu\u2019elles se rapportent \u00e0 la COVID-19.<\/p>\n\n\n\n<p id=\"viewer-92sjt\"><strong><u>CERTIFICATION<\/u><\/strong><strong>:<\/strong> Aucune exception<\/p>\n\n\n\n<p id=\"viewer-90h1g\"><strong>PR\u00c9CISIONS CONCERNANT LES MODIFICATIONS APPORT\u00c9ES \u00c0 LA L\u00c9GISLATION FISCALE<\/strong><\/p>\n\n\n\n<p id=\"viewer-cp3h2\">Le 19 avril 2021, la ministre des Finances a d\u00e9pos\u00e9 le budget f\u00e9d\u00e9ral de 2021. Il y \u00e9tait propos\u00e9, parmi d\u2019autres mesures fiscales, de permettre aux soci\u00e9t\u00e9s priv\u00e9es sous contr\u00f4le canadien de passer en charges imm\u00e9diatement certaines immobilisations. Seules quelques-unes des mesures fiscales propos\u00e9es ont \u00e9t\u00e9 adopt\u00e9es au cours de 2021. Le projet de loi visant \u00e0 mettre en \u0153uvre les mesures restantes, dont celle concernant la passation en charges imm\u00e9diate, n\u2019avait pas encore \u00e9t\u00e9 d\u00e9pos\u00e9 au Parlement au 31 d\u00e9cembre 2021.<\/p>\n\n\n\n<p id=\"viewer-50iov\">Toutefois, comme il est permis, \u00e0 l\u2019EFC et dans les \u00e9tudes de cas des examens du PFP, d\u2019appliquer une norme plus \u00e0 jour que ce qui est exig\u00e9, vous pourrez vous servir des nouvelles r\u00e8gles dans vos analyses. Les questions objectives respectent cependant les dates limites d\u2019inclusion indiqu\u00e9es plus haut.<\/p>\n\n\n\n<p id=\"viewer-7gn7i\">Il vous est express\u00e9ment indiqu\u00e9 que, m\u00eame si nombre d\u2019entre elles ont \u00e9t\u00e9 adopt\u00e9es dans la <em>Loi<\/em><em>de<\/em><em>l\u2019imp\u00f4t<\/em><em>sur<\/em><em>le<\/em><em>revenu,<\/em> les dispositions portant sur les mesures li\u00e9es \u00e0 la pand\u00e9mie de COVID-19 comme la Subvention d\u2019urgence du Canada pour le loyer, la Subvention salariale d\u2019urgence du Canada et le Programme d\u2019embauche pour la relance \u00e9conomique du Canada ne seront pas \u00e9valu\u00e9es aux EFC ou aux examens du PFP en 2022. De m\u00eame, la d\u00e9termination des autres prestations temporaires, comme la Prestation canadienne d\u2019urgence et la Prestation canadienne de la relance \u00e9conomique, ne sera pas sujette \u00e0 \u00e9valuation.<\/p>\n","protected":false},"excerpt":{"rendered":"<p>L\u2019\u00c9cole de Gestion CPA Atlantique souhaite vous fournir des pr\u00e9cisions sur les dates limites d\u2019inclusion des documents de r\u00e9f\u00e9rence et la mati\u00e8re sujette \u00e0 &#8230;<\/p>\n","protected":false},"author":4,"featured_media":0,"comment_status":"open","ping_status":"open","sticky":false,"template":"","format":"standard","meta":{"_acf_changed":false,"footnotes":""},"categories":[4],"tags":[],"class_list":["post-1123","post","type-post","status-publish","format-standard","hentry","category-news"],"acf":[],"yoast_head":"<!-- This site is optimized with the Yoast SEO plugin v27.5 - https:\/\/yoast.com\/product\/yoast-seo-wordpress\/ -->\n<title>Mise \u00e0 jour technique pour les examens du PFP des CPA et les EFC de 2022 - CPA Atlantique<\/title>\n<meta name=\"robots\" content=\"index, follow, max-snippet:-1, max-image-preview:large, max-video-preview:-1\" \/>\n<link rel=\"canonical\" href=\"https:\/\/cpaatlantic.ca\/fr\/blog\/technical-update-for-2022-cpa-pep-examinations-and-the-cfes\/\" \/>\n<meta property=\"og:locale\" content=\"en_US\" \/>\n<meta property=\"og:type\" content=\"article\" \/>\n<meta property=\"og:title\" content=\"Mise \u00e0 jour technique pour les examens du PFP des CPA et les EFC de 2022 - CPA Atlantique\" \/>\n<meta property=\"og:description\" content=\"L\u2019\u00c9cole de Gestion CPA Atlantique souhaite vous fournir des pr\u00e9cisions sur les dates limites d\u2019inclusion des documents de r\u00e9f\u00e9rence et la mati\u00e8re sujette \u00e0 ...\" \/>\n<meta property=\"og:url\" content=\"https:\/\/cpaatlantic.ca\/fr\/blog\/technical-update-for-2022-cpa-pep-examinations-and-the-cfes\/\" \/>\n<meta property=\"og:site_name\" content=\"CPA Atlantique\" \/>\n<meta property=\"article:published_time\" content=\"2022-01-25T20:18:00+00:00\" \/>\n<meta property=\"article:modified_time\" content=\"2022-10-26T19:23:00+00:00\" \/>\n<meta name=\"author\" content=\"hgillis\" \/>\n<meta name=\"twitter:card\" content=\"summary_large_image\" \/>\n<meta name=\"twitter:label1\" content=\"Written by\" \/>\n\t<meta name=\"twitter:data1\" content=\"hgillis\" \/>\n\t<meta name=\"twitter:label2\" content=\"Est. reading time\" \/>\n\t<meta name=\"twitter:data2\" content=\"5 minutes\" \/>\n<script type=\"application\/ld+json\" class=\"yoast-schema-graph\">{\"@context\":\"https:\\\/\\\/schema.org\",\"@graph\":[{\"@type\":\"Article\",\"@id\":\"https:\\\/\\\/cpaatlantic.ca\\\/fr\\\/blog\\\/technical-update-for-2022-cpa-pep-examinations-and-the-cfes\\\/#article\",\"isPartOf\":{\"@id\":\"https:\\\/\\\/cpaatlantic.ca\\\/fr\\\/blog\\\/technical-update-for-2022-cpa-pep-examinations-and-the-cfes\\\/\"},\"author\":{\"name\":\"hgillis\",\"@id\":\"https:\\\/\\\/cpaatlantic.ca\\\/fr\\\/#\\\/schema\\\/person\\\/897a67978a69b19f0bd045beac61baac\"},\"headline\":\"Mise \u00e0 jour technique pour les examens du PFP des CPA et les EFC de 2022\",\"datePublished\":\"2022-01-25T20:18:00+00:00\",\"dateModified\":\"2022-10-26T19:23:00+00:00\",\"mainEntityOfPage\":{\"@id\":\"https:\\\/\\\/cpaatlantic.ca\\\/fr\\\/blog\\\/technical-update-for-2022-cpa-pep-examinations-and-the-cfes\\\/\"},\"wordCount\":1033,\"commentCount\":0,\"articleSection\":[\"News\"],\"inLanguage\":\"en-US\",\"potentialAction\":[{\"@type\":\"CommentAction\",\"name\":\"Comment\",\"target\":[\"https:\\\/\\\/cpaatlantic.ca\\\/fr\\\/blog\\\/technical-update-for-2022-cpa-pep-examinations-and-the-cfes\\\/#respond\"]}]},{\"@type\":\"WebPage\",\"@id\":\"https:\\\/\\\/cpaatlantic.ca\\\/fr\\\/blog\\\/technical-update-for-2022-cpa-pep-examinations-and-the-cfes\\\/\",\"url\":\"https:\\\/\\\/cpaatlantic.ca\\\/fr\\\/blog\\\/technical-update-for-2022-cpa-pep-examinations-and-the-cfes\\\/\",\"name\":\"Mise \u00e0 jour technique pour les examens du PFP des CPA et les EFC de 2022 - CPA Atlantique\",\"isPartOf\":{\"@id\":\"https:\\\/\\\/cpaatlantic.ca\\\/fr\\\/#website\"},\"datePublished\":\"2022-01-25T20:18:00+00:00\",\"dateModified\":\"2022-10-26T19:23:00+00:00\",\"author\":{\"@id\":\"https:\\\/\\\/cpaatlantic.ca\\\/fr\\\/#\\\/schema\\\/person\\\/897a67978a69b19f0bd045beac61baac\"},\"breadcrumb\":{\"@id\":\"https:\\\/\\\/cpaatlantic.ca\\\/fr\\\/blog\\\/technical-update-for-2022-cpa-pep-examinations-and-the-cfes\\\/#breadcrumb\"},\"inLanguage\":\"en-US\",\"potentialAction\":[{\"@type\":\"ReadAction\",\"target\":[\"https:\\\/\\\/cpaatlantic.ca\\\/fr\\\/blog\\\/technical-update-for-2022-cpa-pep-examinations-and-the-cfes\\\/\"]}]},{\"@type\":\"BreadcrumbList\",\"@id\":\"https:\\\/\\\/cpaatlantic.ca\\\/fr\\\/blog\\\/technical-update-for-2022-cpa-pep-examinations-and-the-cfes\\\/#breadcrumb\",\"itemListElement\":[{\"@type\":\"ListItem\",\"position\":1,\"name\":\"Home\",\"item\":\"https:\\\/\\\/cpaatlantic.ca\\\/fr\\\/\"},{\"@type\":\"ListItem\",\"position\":2,\"name\":\"Mise \u00e0 jour technique pour les examens du PFP des CPA et les EFC de 2022\"}]},{\"@type\":\"WebSite\",\"@id\":\"https:\\\/\\\/cpaatlantic.ca\\\/fr\\\/#website\",\"url\":\"https:\\\/\\\/cpaatlantic.ca\\\/fr\\\/\",\"name\":\"CPA Atlantique\",\"description\":\"Devenir CPA\",\"potentialAction\":[{\"@type\":\"SearchAction\",\"target\":{\"@type\":\"EntryPoint\",\"urlTemplate\":\"https:\\\/\\\/cpaatlantic.ca\\\/fr\\\/?s={search_term_string}\"},\"query-input\":{\"@type\":\"PropertyValueSpecification\",\"valueRequired\":true,\"valueName\":\"search_term_string\"}}],\"inLanguage\":\"en-US\"},{\"@type\":\"Person\",\"@id\":\"https:\\\/\\\/cpaatlantic.ca\\\/fr\\\/#\\\/schema\\\/person\\\/897a67978a69b19f0bd045beac61baac\",\"name\":\"hgillis\",\"image\":{\"@type\":\"ImageObject\",\"inLanguage\":\"en-US\",\"@id\":\"https:\\\/\\\/secure.gravatar.com\\\/avatar\\\/7dcb8cfa668583f670f7838b77fb99306461f84824ca711014beeb4efa45b584?s=96&d=mm&r=g\",\"url\":\"https:\\\/\\\/secure.gravatar.com\\\/avatar\\\/7dcb8cfa668583f670f7838b77fb99306461f84824ca711014beeb4efa45b584?s=96&d=mm&r=g\",\"contentUrl\":\"https:\\\/\\\/secure.gravatar.com\\\/avatar\\\/7dcb8cfa668583f670f7838b77fb99306461f84824ca711014beeb4efa45b584?s=96&d=mm&r=g\",\"caption\":\"hgillis\"},\"url\":\"https:\\\/\\\/cpaatlantic.ca\\\/fr\\\/blog\\\/author\\\/hgillis\\\/\"}]}<\/script>\n<!-- \/ Yoast SEO plugin. -->","yoast_head_json":{"title":"Mise \u00e0 jour technique pour les examens du PFP des CPA et les EFC de 2022 - CPA Atlantique","robots":{"index":"index","follow":"follow","max-snippet":"max-snippet:-1","max-image-preview":"max-image-preview:large","max-video-preview":"max-video-preview:-1"},"canonical":"https:\/\/cpaatlantic.ca\/fr\/blog\/technical-update-for-2022-cpa-pep-examinations-and-the-cfes\/","og_locale":"en_US","og_type":"article","og_title":"Mise \u00e0 jour technique pour les examens du PFP des CPA et les EFC de 2022 - CPA Atlantique","og_description":"L\u2019\u00c9cole de Gestion CPA Atlantique souhaite vous fournir des pr\u00e9cisions sur les dates limites d\u2019inclusion des documents de r\u00e9f\u00e9rence et la mati\u00e8re sujette \u00e0 ...","og_url":"https:\/\/cpaatlantic.ca\/fr\/blog\/technical-update-for-2022-cpa-pep-examinations-and-the-cfes\/","og_site_name":"CPA Atlantique","article_published_time":"2022-01-25T20:18:00+00:00","article_modified_time":"2022-10-26T19:23:00+00:00","author":"hgillis","twitter_card":"summary_large_image","twitter_misc":{"Written by":"hgillis","Est. reading time":"5 minutes"},"schema":{"@context":"https:\/\/schema.org","@graph":[{"@type":"Article","@id":"https:\/\/cpaatlantic.ca\/fr\/blog\/technical-update-for-2022-cpa-pep-examinations-and-the-cfes\/#article","isPartOf":{"@id":"https:\/\/cpaatlantic.ca\/fr\/blog\/technical-update-for-2022-cpa-pep-examinations-and-the-cfes\/"},"author":{"name":"hgillis","@id":"https:\/\/cpaatlantic.ca\/fr\/#\/schema\/person\/897a67978a69b19f0bd045beac61baac"},"headline":"Mise \u00e0 jour technique pour les examens du PFP des CPA et les EFC de 2022","datePublished":"2022-01-25T20:18:00+00:00","dateModified":"2022-10-26T19:23:00+00:00","mainEntityOfPage":{"@id":"https:\/\/cpaatlantic.ca\/fr\/blog\/technical-update-for-2022-cpa-pep-examinations-and-the-cfes\/"},"wordCount":1033,"commentCount":0,"articleSection":["News"],"inLanguage":"en-US","potentialAction":[{"@type":"CommentAction","name":"Comment","target":["https:\/\/cpaatlantic.ca\/fr\/blog\/technical-update-for-2022-cpa-pep-examinations-and-the-cfes\/#respond"]}]},{"@type":"WebPage","@id":"https:\/\/cpaatlantic.ca\/fr\/blog\/technical-update-for-2022-cpa-pep-examinations-and-the-cfes\/","url":"https:\/\/cpaatlantic.ca\/fr\/blog\/technical-update-for-2022-cpa-pep-examinations-and-the-cfes\/","name":"Mise \u00e0 jour technique pour les examens du PFP des CPA et les EFC de 2022 - CPA Atlantique","isPartOf":{"@id":"https:\/\/cpaatlantic.ca\/fr\/#website"},"datePublished":"2022-01-25T20:18:00+00:00","dateModified":"2022-10-26T19:23:00+00:00","author":{"@id":"https:\/\/cpaatlantic.ca\/fr\/#\/schema\/person\/897a67978a69b19f0bd045beac61baac"},"breadcrumb":{"@id":"https:\/\/cpaatlantic.ca\/fr\/blog\/technical-update-for-2022-cpa-pep-examinations-and-the-cfes\/#breadcrumb"},"inLanguage":"en-US","potentialAction":[{"@type":"ReadAction","target":["https:\/\/cpaatlantic.ca\/fr\/blog\/technical-update-for-2022-cpa-pep-examinations-and-the-cfes\/"]}]},{"@type":"BreadcrumbList","@id":"https:\/\/cpaatlantic.ca\/fr\/blog\/technical-update-for-2022-cpa-pep-examinations-and-the-cfes\/#breadcrumb","itemListElement":[{"@type":"ListItem","position":1,"name":"Home","item":"https:\/\/cpaatlantic.ca\/fr\/"},{"@type":"ListItem","position":2,"name":"Mise \u00e0 jour technique pour les examens du PFP des CPA et les EFC de 2022"}]},{"@type":"WebSite","@id":"https:\/\/cpaatlantic.ca\/fr\/#website","url":"https:\/\/cpaatlantic.ca\/fr\/","name":"CPA Atlantique","description":"Devenir CPA","potentialAction":[{"@type":"SearchAction","target":{"@type":"EntryPoint","urlTemplate":"https:\/\/cpaatlantic.ca\/fr\/?s={search_term_string}"},"query-input":{"@type":"PropertyValueSpecification","valueRequired":true,"valueName":"search_term_string"}}],"inLanguage":"en-US"},{"@type":"Person","@id":"https:\/\/cpaatlantic.ca\/fr\/#\/schema\/person\/897a67978a69b19f0bd045beac61baac","name":"hgillis","image":{"@type":"ImageObject","inLanguage":"en-US","@id":"https:\/\/secure.gravatar.com\/avatar\/7dcb8cfa668583f670f7838b77fb99306461f84824ca711014beeb4efa45b584?s=96&d=mm&r=g","url":"https:\/\/secure.gravatar.com\/avatar\/7dcb8cfa668583f670f7838b77fb99306461f84824ca711014beeb4efa45b584?s=96&d=mm&r=g","contentUrl":"https:\/\/secure.gravatar.com\/avatar\/7dcb8cfa668583f670f7838b77fb99306461f84824ca711014beeb4efa45b584?s=96&d=mm&r=g","caption":"hgillis"},"url":"https:\/\/cpaatlantic.ca\/fr\/blog\/author\/hgillis\/"}]}},"_links":{"self":[{"href":"https:\/\/cpaatlantic.ca\/fr\/wp-json\/wp\/v2\/posts\/1123","targetHints":{"allow":["GET"]}}],"collection":[{"href":"https:\/\/cpaatlantic.ca\/fr\/wp-json\/wp\/v2\/posts"}],"about":[{"href":"https:\/\/cpaatlantic.ca\/fr\/wp-json\/wp\/v2\/types\/post"}],"author":[{"embeddable":true,"href":"https:\/\/cpaatlantic.ca\/fr\/wp-json\/wp\/v2\/users\/4"}],"replies":[{"embeddable":true,"href":"https:\/\/cpaatlantic.ca\/fr\/wp-json\/wp\/v2\/comments?post=1123"}],"version-history":[{"count":1,"href":"https:\/\/cpaatlantic.ca\/fr\/wp-json\/wp\/v2\/posts\/1123\/revisions"}],"predecessor-version":[{"id":1124,"href":"https:\/\/cpaatlantic.ca\/fr\/wp-json\/wp\/v2\/posts\/1123\/revisions\/1124"}],"wp:attachment":[{"href":"https:\/\/cpaatlantic.ca\/fr\/wp-json\/wp\/v2\/media?parent=1123"}],"wp:term":[{"taxonomy":"category","embeddable":true,"href":"https:\/\/cpaatlantic.ca\/fr\/wp-json\/wp\/v2\/categories?post=1123"},{"taxonomy":"post_tag","embeddable":true,"href":"https:\/\/cpaatlantic.ca\/fr\/wp-json\/wp\/v2\/tags?post=1123"}],"curies":[{"name":"wp","href":"https:\/\/api.w.org\/{rel}","templated":true}]}}